{"id":2072,"date":"2022-08-24T16:37:18","date_gmt":"2022-08-24T16:37:18","guid":{"rendered":"https:\/\/forpem.com\/?p=2072"},"modified":"2022-11-11T16:42:56","modified_gmt":"2022-11-11T16:42:56","slug":"panel-de-arbitraje-en-honor-al-aniversario-del-centro-de-arbitraje-de-mexico","status":"publish","type":"post","link":"https:\/\/forpem.com\/en\/panel-de-arbitraje-en-honor-al-aniversario-del-centro-de-arbitraje-de-mexico\/","title":{"rendered":"Arbitration Panel in honor of the anniversary of the Arbitration Center of Mexico"},"content":{"rendered":"<p>Salvador Fonseca participated as Speaker in the Arbitration Panel in honor of the anniversary of the Arbitration Center of Mexico organized by the Institute of Legal Research of the UNAM, the University of Aberdeen and the CAM, in the subject of \"Commercial Arbitration and the Judiciary\". August 24, 2022.<\/p>\n<p><img loading=\"lazy\" class=\"alignnone wp-image-2073 size-full\" src=\"https:\/\/forpem.com\/wp-content\/uploads\/2022\/11\/WhatsApp-Image-2022-10-04-at-12.53.31-PM.jpeg\" alt=\"\" width=\"833\" height=\"1280\" srcset=\"https:\/\/forpem.com\/wp-content\/uploads\/2022\/11\/WhatsApp-Image-2022-10-04-at-12.53.31-PM.jpeg 833w, https:\/\/forpem.com\/wp-content\/uploads\/2022\/11\/WhatsApp-Image-2022-10-04-at-12.53.31-PM-195x300.jpeg 195w, https:\/\/forpem.com\/wp-content\/uploads\/2022\/11\/WhatsApp-Image-2022-10-04-at-12.53.31-PM-666x1024.jpeg 666w, https:\/\/forpem.com\/wp-content\/uploads\/2022\/11\/WhatsApp-Image-2022-10-04-at-12.53.31-PM-768x1180.jpeg 768w, https:\/\/forpem.com\/wp-content\/uploads\/2022\/11\/WhatsApp-Image-2022-10-04-at-12.53.31-PM-8x12.jpeg 8w, https:\/\/forpem.com\/wp-content\/uploads\/2022\/11\/WhatsApp-Image-2022-10-04-at-12.53.31-PM-700x1076.jpeg 700w\" sizes=\"(max-width: 833px) 100vw, 833px\" \/><\/p>","protected":false},"excerpt":{"rendered":"<p>Salvador Fonseca particip\u00f3 como Ponente en el Panel de Arbitraje en honor al aniversario del Centro de Arbitraje de M\u00e9xico organizado por el Instituto de Investigaciones Jur\u00eddicas de la UNAM, la Universidad de Aberdeen y el CAM, con el tema \u201cArbitraje comercial y la judicatura\u201d&#8230;.<\/p>","protected":false},"author":1,"featured_media":2069,"comment_status":"open","ping_status":"open","sticky":false,"template":"","format":"standard","meta":[],"categories":[1],"tags":[],"_links":{"self":[{"href":"https:\/\/forpem.com\/en\/wp-json\/wp\/v2\/posts\/2072"}],"collection":[{"href":"https:\/\/forpem.com\/en\/wp-json\/wp\/v2\/posts"}],"about":[{"href":"https:\/\/forpem.com\/en\/wp-json\/wp\/v2\/types\/post"}],"author":[{"embeddable":true,"href":"https:\/\/forpem.com\/en\/wp-json\/wp\/v2\/users\/1"}],"replies":[{"embeddable":true,"href":"https:\/\/forpem.com\/en\/wp-json\/wp\/v2\/comments?post=2072"}],"version-history":[{"count":1,"href":"https:\/\/forpem.com\/en\/wp-json\/wp\/v2\/posts\/2072\/revisions"}],"predecessor-version":[{"id":2074,"href":"https:\/\/forpem.com\/en\/wp-json\/wp\/v2\/posts\/2072\/revisions\/2074"}],"wp:featuredmedia":[{"embeddable":true,"href":"https:\/\/forpem.com\/en\/wp-json\/wp\/v2\/media\/2069"}],"wp:attachment":[{"href":"https:\/\/forpem.com\/en\/wp-json\/wp\/v2\/media?parent=2072"}],"wp:term":[{"taxonomy":"category","embeddable":true,"href":"https:\/\/forpem.com\/en\/wp-json\/wp\/v2\/categories?post=2072"},{"taxonomy":"post_tag","embeddable":true,"href":"https:\/\/forpem.com\/en\/wp-json\/wp\/v2\/tags?post=2072"}],"curies":[{"name":"wp","href":"https:\/\/api.w.org\/{rel}","templated":true}]}}